{"id":374,"date":"2022-08-08T14:31:59","date_gmt":"2022-08-08T14:31:59","guid":{"rendered":"http:\/\/191.252.138.78\/~sanrisil\/?p=374"},"modified":"2022-08-08T14:39:04","modified_gmt":"2022-08-08T14:39:04","slug":"o-que-e-a-quercetina-para-que-serve","status":"publish","type":"post","link":"https:\/\/sanrisil.com.br\/?p=374","title":{"rendered":"O que \u00e9 a Quercetina? Para que serve?"},"content":{"rendered":"\n<p>A quercetina pertence a um grupo de pigmentos vegetais chamados flavonoides presentes em frutas e legumes sendo respons\u00e1vel pelas cores destes alimentos.<\/p>\n\n\n\n<p>Os flavonoides, como a quercetina, s\u00e3o antioxidantes. Eles eliminam part\u00edculas no corpo conhecidas como radicais livres que danificam as membranas celulares e at\u00e9 causam a morte celular. Os antioxidantes podem neutralizar os radicais livres. A quercetina tem fortes propriedades antioxidantes. Ela \u00e9 conhecida justamente por ter um poder anti-inflamat\u00f3rio (sendo usada para aliviar dores) e \u00e9 \u00f3tima para o combate de alergias (tanto alimentares quanto respirat\u00f3rias). Tamb\u00e9m pode ser utilizado em produtos antienvelhecimento para os cuidados com a pele.<br>A Sanrisil extrai a quercetina dos frutos da \u00e1rvore Fava D\u2019Anta, presente principalmente no Cerrado brasileiro, obtendo uma concentra\u00e7\u00e3o superior deste flavonoide, que funciona como um suplemento \u00e0 uma dieta rica em vegetais e frutas.<\/p>\n\n\n\n<figure class=\"wp-block-image size-large\"><img fetchpriority=\"high\" decoding=\"async\" width=\"1024\" height=\"768\" src=\"http:\/\/191.252.138.78\/~sanrisil\/wp-content\/uploads\/2022\/08\/WhatsApp-Image-2022-07-20-at-1.02.42-PM-1024x768.jpeg\" alt=\"\" class=\"wp-image-375\" srcset=\"https:\/\/sanrisil.com.br\/wp-content\/uploads\/2022\/08\/WhatsApp-Image-2022-07-20-at-1.02.42-PM-1024x768.jpeg 1024w, https:\/\/sanrisil.com.br\/wp-content\/uploads\/2022\/08\/WhatsApp-Image-2022-07-20-at-1.02.42-PM-300x225.jpeg 300w, https:\/\/sanrisil.com.br\/wp-content\/uploads\/2022\/08\/WhatsApp-Image-2022-07-20-at-1.02.42-PM-768x576.jpeg 768w, https:\/\/sanrisil.com.br\/wp-content\/uploads\/2022\/08\/WhatsApp-Image-2022-07-20-at-1.02.42-PM-1200x900.jpeg 1200w, https:\/\/sanrisil.com.br\/wp-content\/uploads\/2022\/08\/WhatsApp-Image-2022-07-20-at-1.02.42-PM.jpeg 1280w\" sizes=\"(max-width: 1024px) 100vw, 1024px\" \/><\/figure>\n","protected":false},"excerpt":{"rendered":"<p>A quercetina pertence a um grupo de pigmentos vegetais chamados flavonoides presentes em frutas e legumes sendo respons\u00e1vel pelas cores destes alimentos. Os flavonoides, como a quercetina, s\u00e3o antioxidantes. Eles eliminam part\u00edculas no corpo conhecidas como radicais livres que danificam as membranas celulares e at\u00e9 causam a morte celular. Os antioxidantes podem neutralizar os radicais [&hellip;]<\/p>\n","protected":false},"author":1,"featured_media":378,"comment_status":"open","ping_status":"open","sticky":false,"template":"","format":"standard","meta":{"footnotes":""},"categories":[1],"tags":[],"class_list":["post-374","post","type-post","status-publish","format-standard","has-post-thumbnail","hentry","category-uncategorized"],"aioseo_notices":[],"_links":{"self":[{"href":"https:\/\/sanrisil.com.br\/index.php?rest_route=\/wp\/v2\/posts\/374","targetHints":{"allow":["GET"]}}],"collection":[{"href":"https:\/\/sanrisil.com.br\/index.php?rest_route=\/wp\/v2\/posts"}],"about":[{"href":"https:\/\/sanrisil.com.br\/index.php?rest_route=\/wp\/v2\/types\/post"}],"author":[{"embeddable":true,"href":"https:\/\/sanrisil.com.br\/index.php?rest_route=\/wp\/v2\/users\/1"}],"replies":[{"embeddable":true,"href":"https:\/\/sanrisil.com.br\/index.php?rest_route=%2Fwp%2Fv2%2Fcomments&post=374"}],"version-history":[{"count":2,"href":"https:\/\/sanrisil.com.br\/index.php?rest_route=\/wp\/v2\/posts\/374\/revisions"}],"predecessor-version":[{"id":385,"href":"https:\/\/sanrisil.com.br\/index.php?rest_route=\/wp\/v2\/posts\/374\/revisions\/385"}],"wp:featuredmedia":[{"embeddable":true,"href":"https:\/\/sanrisil.com.br\/index.php?rest_route=\/wp\/v2\/media\/378"}],"wp:attachment":[{"href":"https:\/\/sanrisil.com.br\/index.php?rest_route=%2Fwp%2Fv2%2Fmedia&parent=374"}],"wp:term":[{"taxonomy":"category","embeddable":true,"href":"https:\/\/sanrisil.com.br\/index.php?rest_route=%2Fwp%2Fv2%2Fcategories&post=374"},{"taxonomy":"post_tag","embeddable":true,"href":"https:\/\/sanrisil.com.br\/index.php?rest_route=%2Fwp%2Fv2%2Ftags&post=374"}],"curies":[{"name":"wp","href":"https:\/\/api.w.org\/{rel}","templated":true}]}}